{"id":4458,"date":"2022-12-18T10:42:00","date_gmt":"2022-12-18T10:42:00","guid":{"rendered":"https:\/\/biblioteka.vlo.poznan.pl\/?p=4458"},"modified":"2022-12-19T10:46:30","modified_gmt":"2022-12-19T10:46:30","slug":"kalendarz-adwentowy-18","status":"publish","type":"post","link":"https:\/\/biblioteka.vlo.poznan.pl\/?p=4458","title":{"rendered":"Kalendarz adwentowy 18"},"content":{"rendered":"\n<p>Ksi\u0105\u017cka bardzo kr\u00f3tka, ale mimo to bogata w tre\u015b\u0107 i wzruszaj\u0105cy przekaz. Przedstawienie choroby matki z perspektywy dziecka, to co\u015b co szczeg\u00f3lnie mnie dotkn\u0119\u0142o. Utw\u00f3r nak\u0142ania do przemy\u015ble\u0144 i sprawia, \u017ce doceniamy wszystko to, czego wcze\u015bniej nie zauwa\u017cali\u015bmy.<\/p>\n\n\n\n<figure class=\"wp-block-image size-full is-resized is-style-default\"><a href=\"https:\/\/biblioteka.vlo.poznan.pl\/wp-content\/uploads\/2022\/12\/320725784_689834595996940_4949403245828635150_n.jpg\"><img loading=\"lazy\" decoding=\"async\" src=\"https:\/\/biblioteka.vlo.poznan.pl\/wp-content\/uploads\/2022\/12\/320725784_689834595996940_4949403245828635150_n.jpg\" alt=\"\" class=\"wp-image-4459\" width=\"270\" height=\"382\" srcset=\"https:\/\/biblioteka.vlo.poznan.pl\/wp-content\/uploads\/2022\/12\/320725784_689834595996940_4949403245828635150_n.jpg 509w, https:\/\/biblioteka.vlo.poznan.pl\/wp-content\/uploads\/2022\/12\/320725784_689834595996940_4949403245828635150_n-212x300.jpg 212w\" sizes=\"auto, (max-width: 270px) 100vw, 270px\" \/><\/a><\/figure>\n","protected":false},"excerpt":{"rendered":"<p>Ksi\u0105\u017cka bardzo kr\u00f3tka, ale mimo to bogata w tre\u015b\u0107 i wzruszaj\u0105cy przekaz. Przedstawienie choroby matki z perspektywy dziecka, to co\u015b co szczeg\u00f3lnie mnie dotkn\u0119\u0142o. Utw\u00f3r nak\u0142ania do przemy\u015ble\u0144 i sprawia, \u017ce doceniamy wszystko to, czego wcze\u015bniej nie zauwa\u017cali\u015bmy.<\/p>\n","protected":false},"author":3,"featured_media":0,"comment_status":"closed","ping_status":"open","sticky":false,"template":"","format":"standard","meta":{"footnotes":""},"categories":[31],"tags":[],"class_list":["post-4458","post","type-post","status-publish","format-standard","hentry","category-rok-szkolny-2022-2023"],"_links":{"self":[{"href":"https:\/\/biblioteka.vlo.poznan.pl\/index.php?rest_route=\/wp\/v2\/posts\/4458","targetHints":{"allow":["GET"]}}],"collection":[{"href":"https:\/\/biblioteka.vlo.poznan.pl\/index.php?rest_route=\/wp\/v2\/posts"}],"about":[{"href":"https:\/\/biblioteka.vlo.poznan.pl\/index.php?rest_route=\/wp\/v2\/types\/post"}],"author":[{"embeddable":true,"href":"https:\/\/biblioteka.vlo.poznan.pl\/index.php?rest_route=\/wp\/v2\/users\/3"}],"replies":[{"embeddable":true,"href":"https:\/\/biblioteka.vlo.poznan.pl\/index.php?rest_route=%2Fwp%2Fv2%2Fcomments&post=4458"}],"version-history":[{"count":1,"href":"https:\/\/biblioteka.vlo.poznan.pl\/index.php?rest_route=\/wp\/v2\/posts\/4458\/revisions"}],"predecessor-version":[{"id":4460,"href":"https:\/\/biblioteka.vlo.poznan.pl\/index.php?rest_route=\/wp\/v2\/posts\/4458\/revisions\/4460"}],"wp:attachment":[{"href":"https:\/\/biblioteka.vlo.poznan.pl\/index.php?rest_route=%2Fwp%2Fv2%2Fmedia&parent=4458"}],"wp:term":[{"taxonomy":"category","embeddable":true,"href":"https:\/\/biblioteka.vlo.poznan.pl\/index.php?rest_route=%2Fwp%2Fv2%2Fcategories&post=4458"},{"taxonomy":"post_tag","embeddable":true,"href":"https:\/\/biblioteka.vlo.poznan.pl\/index.php?rest_route=%2Fwp%2Fv2%2Ftags&post=4458"}],"curies":[{"name":"wp","href":"https:\/\/api.w.org\/{rel}","templated":true}]}}