{"id":4149,"date":"2022-04-13T10:27:00","date_gmt":"2022-04-13T10:27:00","guid":{"rendered":"https:\/\/biblioteka.vlo.poznan.pl\/?p=4149"},"modified":"2022-04-21T10:39:02","modified_gmt":"2022-04-21T10:39:02","slug":"czas-swiateczny-to-okazja-do-rodzinnych-spotkan-zadumy-nad-losem-swiata-i-ludzi","status":"publish","type":"post","link":"https:\/\/biblioteka.vlo.poznan.pl\/?p=4149","title":{"rendered":"Czas \u015bwi\u0105teczny to okazja do rodzinnych spotka\u0144, zadumy nad losem \u015bwiata i ludzi."},"content":{"rendered":"\n<p>Wszyscy czekamy na pok\u00f3j. Szukamy ukojenia w sztuce i literaturze. \u017byczymy Wam pi\u0119knych spokojnych i budz\u0105cych nadziej\u0119 dni.<\/p>\n\n\n\n<figure class=\"wp-block-image size-large is-resized is-style-default\"><a href=\"https:\/\/biblioteka.vlo.poznan.pl\/wp-content\/uploads\/2022\/04\/278262928_5334261579938578_5332687964223559102_n.jpg\"><img loading=\"lazy\" decoding=\"async\" src=\"https:\/\/biblioteka.vlo.poznan.pl\/wp-content\/uploads\/2022\/04\/278262928_5334261579938578_5332687964223559102_n-1024x461.jpg\" alt=\"\" class=\"wp-image-4150\" width=\"329\" height=\"148\" srcset=\"https:\/\/biblioteka.vlo.poznan.pl\/wp-content\/uploads\/2022\/04\/278262928_5334261579938578_5332687964223559102_n-1024x461.jpg 1024w, https:\/\/biblioteka.vlo.poznan.pl\/wp-content\/uploads\/2022\/04\/278262928_5334261579938578_5332687964223559102_n-300x135.jpg 300w, https:\/\/biblioteka.vlo.poznan.pl\/wp-content\/uploads\/2022\/04\/278262928_5334261579938578_5332687964223559102_n-768x346.jpg 768w, https:\/\/biblioteka.vlo.poznan.pl\/wp-content\/uploads\/2022\/04\/278262928_5334261579938578_5332687964223559102_n-1536x692.jpg 1536w, https:\/\/biblioteka.vlo.poznan.pl\/wp-content\/uploads\/2022\/04\/278262928_5334261579938578_5332687964223559102_n.jpg 2048w\" sizes=\"auto, (max-width: 329px) 100vw, 329px\" \/><\/a><\/figure>\n\n\n\n<p><\/p>\n","protected":false},"excerpt":{"rendered":"<p>Wszyscy czekamy na pok\u00f3j. Szukamy ukojenia w sztuce i literaturze. \u017byczymy Wam pi\u0119knych spokojnych i budz\u0105cych nadziej\u0119 dni.<\/p>\n","protected":false},"author":3,"featured_media":0,"comment_status":"closed","ping_status":"open","sticky":false,"template":"","format":"standard","meta":{"footnotes":""},"categories":[29],"tags":[],"class_list":["post-4149","post","type-post","status-publish","format-standard","hentry","category-rok-szkolny-2021-2022"],"_links":{"self":[{"href":"https:\/\/biblioteka.vlo.poznan.pl\/index.php?rest_route=\/wp\/v2\/posts\/4149","targetHints":{"allow":["GET"]}}],"collection":[{"href":"https:\/\/biblioteka.vlo.poznan.pl\/index.php?rest_route=\/wp\/v2\/posts"}],"about":[{"href":"https:\/\/biblioteka.vlo.poznan.pl\/index.php?rest_route=\/wp\/v2\/types\/post"}],"author":[{"embeddable":true,"href":"https:\/\/biblioteka.vlo.poznan.pl\/index.php?rest_route=\/wp\/v2\/users\/3"}],"replies":[{"embeddable":true,"href":"https:\/\/biblioteka.vlo.poznan.pl\/index.php?rest_route=%2Fwp%2Fv2%2Fcomments&post=4149"}],"version-history":[{"count":4,"href":"https:\/\/biblioteka.vlo.poznan.pl\/index.php?rest_route=\/wp\/v2\/posts\/4149\/revisions"}],"predecessor-version":[{"id":4154,"href":"https:\/\/biblioteka.vlo.poznan.pl\/index.php?rest_route=\/wp\/v2\/posts\/4149\/revisions\/4154"}],"wp:attachment":[{"href":"https:\/\/biblioteka.vlo.poznan.pl\/index.php?rest_route=%2Fwp%2Fv2%2Fmedia&parent=4149"}],"wp:term":[{"taxonomy":"category","embeddable":true,"href":"https:\/\/biblioteka.vlo.poznan.pl\/index.php?rest_route=%2Fwp%2Fv2%2Fcategories&post=4149"},{"taxonomy":"post_tag","embeddable":true,"href":"https:\/\/biblioteka.vlo.poznan.pl\/index.php?rest_route=%2Fwp%2Fv2%2Ftags&post=4149"}],"curies":[{"name":"wp","href":"https:\/\/api.w.org\/{rel}","templated":true}]}}