{"id":2236,"date":"2015-01-13T12:13:19","date_gmt":"2015-01-13T12:13:19","guid":{"rendered":"http:\/\/biblioteka.vlo.poznan.pl\/?p=2236"},"modified":"2015-08-31T18:47:07","modified_gmt":"2015-08-31T18:47:07","slug":"czytamy-i-wdrazamy","status":"publish","type":"post","link":"https:\/\/biblioteka.vlo.poznan.pl\/?p=2236","title":{"rendered":"Czytamy i wdra\u017camy ;)"},"content":{"rendered":"<p>Pod koniec zesz\u0142ego roku nasz biblioteka otrzyma\u0142a za\u015bwiadczenie z redakcji czasopisma &#8222;Biblioteka w szkole&#8221;. Redaktor naczelny &#8211; Juliusz Wasilewski dzi\u0119kuje bibliotekarkom za wk\u0142ad w rozw\u00f3j czytelnictwa i zdolno\u015bci informacyjnych uczni\u00f3w naszej szko\u0142y.<\/p>\n<p><a href=\"http:\/\/www.vlo.poznan.pl\/biblioteka\/wp-content\/uploads\/2015\/01\/IMG_0010.jpg\"><img loading=\"lazy\" decoding=\"async\" class=\"aligncenter size-medium wp-image-2293\" alt=\"IMG_0010\" src=\"http:\/\/www.vlo.poznan.pl\/biblioteka\/wp-content\/uploads\/2015\/01\/IMG_0010-300x212.jpg\" width=\"300\" height=\"212\" srcset=\"https:\/\/biblioteka.vlo.poznan.pl\/wp-content\/uploads\/2015\/01\/IMG_0010-300x212.jpg 300w, https:\/\/biblioteka.vlo.poznan.pl\/wp-content\/uploads\/2015\/01\/IMG_0010-1024x724.jpg 1024w\" sizes=\"auto, (max-width: 300px) 100vw, 300px\" \/><\/a><\/p>\n<p style=\"text-align: center;\">\n","protected":false},"excerpt":{"rendered":"<p>Pod koniec zesz\u0142ego roku nasz biblioteka otrzyma\u0142a za\u015bwiadczenie z redakcji czasopisma &#8222;Biblioteka w szkole&#8221;. Redaktor naczelny &#8211; Juliusz Wasilewski dzi\u0119kuje bibliotekarkom za wk\u0142ad w rozw\u00f3j czytelnictwa i zdolno\u015bci informacyjnych uczni\u00f3w naszej szko\u0142y.<\/p>\n","protected":false},"author":3,"featured_media":0,"comment_status":"closed","ping_status":"open","sticky":false,"template":"","format":"standard","meta":{"footnotes":""},"categories":[17,14],"tags":[],"class_list":["post-2236","post","type-post","status-publish","format-standard","hentry","category-nasza-biblioteka-wymiata","category-rok-szkolny-2014-2015"],"_links":{"self":[{"href":"https:\/\/biblioteka.vlo.poznan.pl\/index.php?rest_route=\/wp\/v2\/posts\/2236","targetHints":{"allow":["GET"]}}],"collection":[{"href":"https:\/\/biblioteka.vlo.poznan.pl\/index.php?rest_route=\/wp\/v2\/posts"}],"about":[{"href":"https:\/\/biblioteka.vlo.poznan.pl\/index.php?rest_route=\/wp\/v2\/types\/post"}],"author":[{"embeddable":true,"href":"https:\/\/biblioteka.vlo.poznan.pl\/index.php?rest_route=\/wp\/v2\/users\/3"}],"replies":[{"embeddable":true,"href":"https:\/\/biblioteka.vlo.poznan.pl\/index.php?rest_route=%2Fwp%2Fv2%2Fcomments&post=2236"}],"version-history":[{"count":5,"href":"https:\/\/biblioteka.vlo.poznan.pl\/index.php?rest_route=\/wp\/v2\/posts\/2236\/revisions"}],"predecessor-version":[{"id":2292,"href":"https:\/\/biblioteka.vlo.poznan.pl\/index.php?rest_route=\/wp\/v2\/posts\/2236\/revisions\/2292"}],"wp:attachment":[{"href":"https:\/\/biblioteka.vlo.poznan.pl\/index.php?rest_route=%2Fwp%2Fv2%2Fmedia&parent=2236"}],"wp:term":[{"taxonomy":"category","embeddable":true,"href":"https:\/\/biblioteka.vlo.poznan.pl\/index.php?rest_route=%2Fwp%2Fv2%2Fcategories&post=2236"},{"taxonomy":"post_tag","embeddable":true,"href":"https:\/\/biblioteka.vlo.poznan.pl\/index.php?rest_route=%2Fwp%2Fv2%2Ftags&post=2236"}],"curies":[{"name":"wp","href":"https:\/\/api.w.org\/{rel}","templated":true}]}}